{"id":98,"date":"2015-03-15T16:56:06","date_gmt":"2015-03-15T16:56:06","guid":{"rendered":"https:\/\/cmfolclore.ufma.br\/?p=98"},"modified":"2017-05-17T13:56:14","modified_gmt":"2017-05-17T13:56:14","slug":"olhar-memoria-e-reflexoes-sobre-a-gente-do-maranhao","status":"publish","type":"post","link":"https:\/\/cmfolclore.ufma.br\/index.php\/olhar-memoria-e-reflexoes-sobre-a-gente-do-maranhao\/","title":{"rendered":"Olhar, mem\u00f3ria e reflex\u00f5es sobre a gente do Maranh\u00e3o."},"content":{"rendered":"<p>Olhar, mem\u00f3ria e reflex\u00f5es sobre a gente do Maranh\u00e3o. Izaurina Maria de Azevedo Nunes (organizadora). S\u00e3o Lu\u00eds: Comiss\u00e3o Maranhense de Folclore, 2003. 344p.<br \/>\nISBN 85-87949-03-9<\/p>\n<p><a href=\"https:\/\/i0.wp.com\/cmfolclore.ufma.br\/wp-content\/uploads\/2015\/03\/olhar-memoria-reflexoes.jpg?ssl=1\"><img data-recalc-dims=\"1\" loading=\"lazy\" decoding=\"async\" class=\"alignnone size-full wp-image-99\" src=\"https:\/\/i0.wp.com\/cmfolclore.ufma.br\/wp-content\/uploads\/2015\/03\/olhar-memoria-reflexoes.jpg?resize=170%2C234&#038;ssl=1\" alt=\"olhar-memoria-reflexoes\" width=\"170\" height=\"234\" \/><\/a><br \/>\nEdi\u00e7\u00e3o, em forma de livro, de colet\u00e2nea de artigos publicados no Boletim da Comiss\u00e3o Maranhense de Folclore. A Comiss\u00e3o Maranhense de Folclore, que, como em alguns outros estados, funciona desde 1948, teve per\u00edodos de n\u00e3o atua\u00e7\u00e3o, sobretudo ap\u00f3s o falecimento do folclorista Dr. Domingos Vieira Filho, ocorrido prematuramente em 1981, que participou desta Comiss\u00e3o desde sua cria\u00e7\u00e3o. Em 1992, a Comiss\u00e3o foi reorganizada, entrando em nova fase de atividades. Desde ent\u00e3o tem desenvolvido regularmente uma s\u00e9rie de iniciativas, com o apoio de diversas entidades privadas e do Governo do Estado, atrav\u00e9s da antiga Secretaria de Cultura, atual Secretaria de Estado da Cultural. Nos per\u00edodo de agosto de 1993 a agosto de 2001 foram publicados 18 n\u00fameros do Boletim, de onde foram retirados os textos que est\u00e3o sendo aqui republicados. A partir de 1996 t\u00eam sido publicados tr\u00eas n\u00fameros anuais do Boletim. O material destina-se ao p\u00fablico interessado no assunto, e sobretudo a pesquisadores da cultura popular, estudantes universit\u00e1rios e secundaristas. Os textos tratam de temas diversos relacionados com o Maranh\u00e3o como: catolicismo popular e religi\u00f5es afro-brasileiras, bumba-meu-boi e festas juninas, festas do ciclo natalino, carnaval, festa do Divino Esp\u00edrito Santo, medicina popular, artesanato, arqueologia maranhense, patrim\u00f4nio hist\u00f3rico e alguns outros temas gerais relacionados a estes. Os trabalhos est\u00e3o redigidos em linguagem clara, visando a grande divulga\u00e7\u00e3o. Alguns foram apresentados em congresso e semin\u00e1rios e outros decorrem de monografias de conclus\u00e3o de cursos de gradua\u00e7\u00e3o ou especializa\u00e7\u00e3o, de disserta\u00e7\u00f5es, de teses de p\u00f3s-gradua\u00e7\u00e3o, de pesquisas bibliogr\u00e1ficas e de observa\u00e7\u00f5es da realidade estudada. Foram escritos por maranhense, ou estudiosos de fora do Estado interessados na cultura maranhense, que, por sua for\u00e7a, atrai sempre novos apreciadores. O livro prop\u00f5e-se a fazer uma divulga\u00e7\u00e3o ampla do conjunto de trabalhos mais significativos publicados no Boletim da CMF em diferentes ares da cultura popular. Sua publica\u00e7\u00e3o contou com o patroc\u00ednio do Governo do Maranh\u00e3o, atrav\u00e9s da Gerencia de Estado da Cultura<\/p>\n<p>Para ter Acesso ao Livro Completo, <a href=\"https:\/\/cmfolclore.ufma.br\/wp-content\/uploads\/2015\/03\/Olhar-1-recuperado.pdf\">Clique Aqui!<\/a><\/p>\n","protected":false},"excerpt":{"rendered":"<p>Olhar, mem\u00f3ria e reflex\u00f5es sobre a gente do Maranh\u00e3o. Izaurina Maria de Azevedo Nunes (organizadora). S\u00e3o Lu\u00eds: Comiss\u00e3o Maranhense de Folclore, 2003. 344p. ISBN 85-87949-03-9 Edi\u00e7\u00e3o, em forma de livro, de colet\u00e2nea de artigos publicados no Boletim da Comiss\u00e3o Maranhense de Folclore. A Comiss\u00e3o Maranhense de Folclore, que, como em alguns outros estados, funciona desde [&hellip;]<\/p>\n","protected":false},"author":11,"featured_media":99,"comment_status":"closed","ping_status":"closed","sticky":false,"template":"","format":"standard","meta":{"jetpack_post_was_ever_published":false,"_jetpack_newsletter_access":"","_jetpack_dont_email_post_to_subs":false,"_jetpack_newsletter_tier_id":0,"_jetpack_memberships_contains_paywalled_content":false,"_jetpack_memberships_contains_paid_content":false,"footnotes":"","jetpack_publicize_message":"","jetpack_publicize_feature_enabled":true,"jetpack_social_post_already_shared":false,"jetpack_social_options":{"image_generator_settings":{"template":"highway","default_image_id":0,"font":"","enabled":false},"version":2}},"categories":[5],"tags":[],"class_list":["post-98","post","type-post","status-publish","format-standard","has-post-thumbnail","hentry","category-bibliografias"],"jetpack_publicize_connections":[],"jetpack_featured_media_url":"https:\/\/i0.wp.com\/cmfolclore.ufma.br\/wp-content\/uploads\/2015\/03\/olhar-memoria-reflexoes.jpg?fit=170%2C234&ssl=1","jetpack-related-posts":[],"jetpack_sharing_enabled":true,"_links":{"self":[{"href":"https:\/\/cmfolclore.ufma.br\/index.php\/wp-json\/wp\/v2\/posts\/98","targetHints":{"allow":["GET"]}}],"collection":[{"href":"https:\/\/cmfolclore.ufma.br\/index.php\/wp-json\/wp\/v2\/posts"}],"about":[{"href":"https:\/\/cmfolclore.ufma.br\/index.php\/wp-json\/wp\/v2\/types\/post"}],"author":[{"embeddable":true,"href":"https:\/\/cmfolclore.ufma.br\/index.php\/wp-json\/wp\/v2\/users\/11"}],"replies":[{"embeddable":true,"href":"https:\/\/cmfolclore.ufma.br\/index.php\/wp-json\/wp\/v2\/comments?post=98"}],"version-history":[{"count":4,"href":"https:\/\/cmfolclore.ufma.br\/index.php\/wp-json\/wp\/v2\/posts\/98\/revisions"}],"predecessor-version":[{"id":254,"href":"https:\/\/cmfolclore.ufma.br\/index.php\/wp-json\/wp\/v2\/posts\/98\/revisions\/254"}],"wp:featuredmedia":[{"embeddable":true,"href":"https:\/\/cmfolclore.ufma.br\/index.php\/wp-json\/wp\/v2\/media\/99"}],"wp:attachment":[{"href":"https:\/\/cmfolclore.ufma.br\/index.php\/wp-json\/wp\/v2\/media?parent=98"}],"wp:term":[{"taxonomy":"category","embeddable":true,"href":"https:\/\/cmfolclore.ufma.br\/index.php\/wp-json\/wp\/v2\/categories?post=98"},{"taxonomy":"post_tag","embeddable":true,"href":"https:\/\/cmfolclore.ufma.br\/index.php\/wp-json\/wp\/v2\/tags?post=98"}],"curies":[{"name":"wp","href":"https:\/\/api.w.org\/{rel}","templated":true}]}}